{"id":274,"date":"2005-08-19T01:08:47","date_gmt":"2005-08-18T23:08:47","guid":{"rendered":"http:\/\/www.sentinelx.de\/blog\/?p=274"},"modified":"2005-08-19T01:08:47","modified_gmt":"2005-08-18T23:08:47","slug":"not-my-bundeskanzler","status":"publish","type":"post","link":"http:\/\/www.sentinelx.de\/blog\/?p=274","title":{"rendered":"not my bundeskanzler."},"content":{"rendered":"<p>jaja, ich wei\u00df. die aktion &#8220;not my bundeskanzler&#8221; ist nun schon etwas \u00e4lter. cool finde ich den namen <a href=\"http:\/\/www.sentinelx.de\/blog\/?p=249\">trotzdem<\/a>.<\/p>\n<p>was neues dazu: bau dir doch mal deinen eigenen bundeskanzler.<br \/>\nbei <a href=\"http:\/\/www.der-kanzlergenerator.de\/\">www.der-kanzlergenerator.de<\/a><\/p>\n<p>selbst dem politik- und obrigkeitsh\u00f6rigen deutschen michel sollte auf diesem weg schnell klar werden, da\u00df ganz egal wie die wahl ausgeht, mindestens zwei dinge ganz sicher eintreten werden:<\/p>\n<ul>\n<li>es brechen finstere zeiten an. <\/li>\n<li>wir werden trotzdem viel zu lachen haben. <\/li>\n<\/ul>\n<p>mein favorit ist der hier:<\/p>\n<p align=\"center\"><img decoding=\"async\" src=\"blog-bilder\/not_my_bundeskanzler_custom.jpg\" alt=\"\" \/><\/p>\n<p>nachtrag.<br \/>\ndie bloeden nofollow tags, die jetzt so sehr in mode sind stinken wie die sau. nofollow ist ein tag f\u00fcr links, der suchmaschinen-bots befiehlt nicht auf die verwiesene seite zu gehen und einen bezug von demjenigen herzustellen der den link gesetzt hat. urspr\u00fcnglich sollten sie mal commentarspam eind\u00e4mmen. aber effektiv sterilisieren sie die blogsph\u00e4re. die neueste version von wordpress setzt das drecksding auch automatisch. eines der ersten plugins, die ich installiert habe war ein no-nofollow.<\/p>\n<p>es ist mir nicht mehr m\u00f6glich per googel den urheber der &#8220;not my bundeskanzler&#8221;-idee zu finden.<br \/>\nf\u00fcr hinweise bin ich dankbar. <a href=\"http:\/\/wow.gamona.de\/index.php?seite=pp&#038;pid=126&#038;sid=13\">bob<\/a><a href=\"http:\/\/birnensalat.de\/blog\/\"title=\"das ist nat\u00fcrlich der richtige.\" >?<\/a><\/p>\n","protected":false},"excerpt":{"rendered":"<p>jaja, ich wei\u00df. die aktion &#8220;not my bundeskanzler&#8221; ist nun schon etwas \u00e4lter. cool finde ich den namen trotzdem. was neues dazu: bau dir doch mal deinen eigenen bundeskanzler. bei www.der-kanzlergenerator.de selbst dem politik- und obrigkeitsh\u00f6rigen deutschen michel sollte auf diesem weg schnell klar werden, da\u00df ganz egal wie die wahl ausgeht, mindestens zwei dinge &hellip; <\/p>\n<p class=\"link-more\"><a href=\"http:\/\/www.sentinelx.de\/blog\/?p=274\" class=\"more-link\">Continue reading<span class=\"screen-reader-text\"> &#8220;not my bundeskanzler.&#8221;<\/span><\/a><\/p>\n","protected":false},"author":2,"featured_media":0,"comment_status":"open","ping_status":"closed","sticky":false,"template":"","format":"standard","meta":{"footnotes":""},"categories":[],"tags":[],"class_list":["post-274","post","type-post","status-publish","format-standard","hentry"],"_links":{"self":[{"href":"http:\/\/www.sentinelx.de\/blog\/index.php?rest_route=\/wp\/v2\/posts\/274","targetHints":{"allow":["GET"]}}],"collection":[{"href":"http:\/\/www.sentinelx.de\/blog\/index.php?rest_route=\/wp\/v2\/posts"}],"about":[{"href":"http:\/\/www.sentinelx.de\/blog\/index.php?rest_route=\/wp\/v2\/types\/post"}],"author":[{"embeddable":true,"href":"http:\/\/www.sentinelx.de\/blog\/index.php?rest_route=\/wp\/v2\/users\/2"}],"replies":[{"embeddable":true,"href":"http:\/\/www.sentinelx.de\/blog\/index.php?rest_route=%2Fwp%2Fv2%2Fcomments&post=274"}],"version-history":[{"count":0,"href":"http:\/\/www.sentinelx.de\/blog\/index.php?rest_route=\/wp\/v2\/posts\/274\/revisions"}],"wp:attachment":[{"href":"http:\/\/www.sentinelx.de\/blog\/index.php?rest_route=%2Fwp%2Fv2%2Fmedia&parent=274"}],"wp:term":[{"taxonomy":"category","embeddable":true,"href":"http:\/\/www.sentinelx.de\/blog\/index.php?rest_route=%2Fwp%2Fv2%2Fcategories&post=274"},{"taxonomy":"post_tag","embeddable":true,"href":"http:\/\/www.sentinelx.de\/blog\/index.php?rest_route=%2Fwp%2Fv2%2Ftags&post=274"}],"curies":[{"name":"wp","href":"https:\/\/api.w.org\/{rel}","templated":true}]}}